{"id":226,"date":"2026-01-28T22:32:04","date_gmt":"2026-01-28T22:32:04","guid":{"rendered":"https:\/\/pensiuni.biz\/?p=226"},"modified":"2026-01-28T22:32:04","modified_gmt":"2026-01-28T22:32:04","slug":"iraqi-protesters-burn-photos-of-trump-amid-his-threats-over-al-maliki","status":"publish","type":"post","link":"https:\/\/pensiuni.biz\/?p=226","title":{"rendered":"Iraqi protesters burn photos of Trump amid his threats over al-Maliki"},"content":{"rendered":"<p><html><head><\/head><body>{<br \/>\n  &#8222;title&#8221;: &#8222;Reac\u021bia irakian\u0103 la amenin\u021b\u0103rile lui Trump: Proteste \u0219i arderea fotografiilor&#8221;,<br \/>\n  &#8222;excerpt&#8221;: &#8222;\u00cen Bagdad, protestatarii au ars fotografii cu Donald Trump, resping\u00e2nd cerin\u021bele pre\u0219edintelui american legate de Nouri al-Maliki. Un semn de sfidare \u0219i dezacord fa\u021b\u0103 de politica extern\u0103 a SUA.&#8221;,<br \/>\n  &#8222;content_html_lines&#8221;: [<br \/>\n    &#8222;<\/p>\n<p><strong>Pe scurt:<\/strong> Protestatarii din Bagdad au r\u0103spuns amenin\u021b\u0103rilor lui Donald Trump arz\u00e2nd fotografiile sale. Acest gest simbolizeaz\u0103 respingerea influen\u021bei americane \u0219i a cerin\u021belor legate de figura lui Nouri al-Maliki.<\/p>\n<p>&#8222;,<br \/>\n    &#8222;<\/p>\n<figure data-lap-image=\"1\"><\/figure>\n<p>&#8222;,<br \/>\n    &#8222;<\/p>\n<h2>Contextul politic tensionat<\/h2>\n<p>&#8222;,<br \/>\n    &#8222;<\/p>\n<p>Situa\u021bia din Irak r\u0103m\u00e2ne complex\u0103, marcat\u0103 de tensiuni interne \u0219i influen\u021be externe. Amenin\u021b\u0103rile venite din partea SUA sunt percepute ca o ingerin\u021b\u0103 \u00een afacerile interne, st\u00e2rnind reac\u021bii puternice din partea popula\u021biei.<\/p>\n<p>&#8222;,<br \/>\n    &#8222;<\/p>\n<p>Ac\u021biunile de protest, precum arderea fotografiilor, sunt o modalitate de a exprima opozi\u021bia fa\u021b\u0103 de politicile americane \u0219i de a reafirma suveranitatea na\u021bional\u0103.<\/p>\n<p>&#8222;,<br \/>\n    &#8222;<\/p>\n<h2>Semnifica\u021bia protestelor<\/h2>\n<p>&#8222;,<br \/>\n    &#8222;<\/p>\n<p>Arderea fotografiilor cu Trump nu este doar un act simbolic, ci \u0219i un mesaj clar adresat Washingtonului. Protestatarii \u00ee\u0219i exprim\u0103 astfel dezacordul fa\u021b\u0103 de modul \u00een care SUA abordeaz\u0103 problemele din regiune.<\/p>\n<p>&#8222;,<br \/>\n    &#8222;<\/p>\n<p>Acest tip de manifesta\u021bie reflect\u0103 o frustrare generalizat\u0103 fa\u021b\u0103 de implicarea str\u0103in\u0103 \u00een politica irakian\u0103 \u0219i dorin\u021ba de a avea un cuv\u00e2nt mai greu de spus \u00een propriul destin.<\/p>\n<p>&#8222;,<br \/>\n    &#8222;<\/p>\n<h2>Reac\u021bii interna\u021bionale posibile<\/h2>\n<p>&#8222;,<br \/>\n    &#8222;<\/p>\n<p>Este de a\u0219teptat ca aceste proteste s\u0103 atrag\u0103 aten\u021bia comunit\u0103\u021bii interna\u021bionale. R\u0103m\u00e2ne de v\u0103zut dac\u0103 vor exista reac\u021bii oficiale din partea guvernului american sau a altor state implicate \u00een regiune.<\/p>\n<p>&#8222;,<br \/>\n    &#8222;<\/p>\n<p>Impactul pe termen lung al acestor evenimente asupra rela\u021biilor dintre Irak \u0219i SUA este incert, dar este clar c\u0103 tensiunile sunt \u00een cre\u0219tere.<\/p>\n<p>&#8222;,<br \/>\n    &#8222;<\/p>\n<h2>Factori care alimenteaz\u0103 nemul\u021bumirea<\/h2>\n<p>&#8222;,<br \/>\n    &#8222;<\/p>\n<p>Mai mul\u021bi factori contribuie la nemul\u021bumirea popular\u0103 din Irak:<\/p>\n<p>&#8222;,<br \/>\n    &#8222;<\/p>\n<ul>&#8222;,<br \/>\n    &#8222;<\/p>\n<li>Interferen\u021ba extern\u0103 \u00een politica intern\u0103<\/li>\n<p>&#8222;,<br \/>\n    &#8222;<\/p>\n<li>Corup\u021bia endemic\u0103<\/li>\n<p>&#8222;,<br \/>\n    &#8222;<\/p>\n<li>Lipsa oportunit\u0103\u021bilor economice<\/li>\n<p>&#8222;,<br \/>\n    &#8222;<\/p>\n<li>Prezen\u021ba grupurilor armate<\/li>\n<p>&#8222;,<br \/>\n    &#8222;<\/ul>\n<p>&#8222;,<br \/>\n    &#8222;<\/p>\n<p>Toate acestea creeaz\u0103 un climat propice pentru proteste \u0219i manifesta\u021bii de strad\u0103.<\/p>\n<p>&#8222;,<br \/>\n    &#8222;<\/p>\n<h2>Implica\u021biile pentru stabilitatea regional\u0103<\/h2>\n<p>&#8222;,<br \/>\n    &#8222;<\/p>\n<p>Instabilitatea din Irak are implica\u021bii directe asupra securit\u0103\u021bii regionale. Orice escaladare a tensiunilor poate avea consecin\u021be grave pentru \u021b\u0103rile vecine \u0219i pentru eforturile de combatere a terorismului.<\/p>\n<p>&#8222;,<br \/>\n    &#8222;<\/p>\n<p>Este esen\u021bial ca toate p\u0103r\u021bile implicate s\u0103 dea dovad\u0103 de re\u021binere \u0219i s\u0103 caute solu\u021bii pa\u0219nice pentru a rezolva problemele existente.<\/p>\n<p>&#8222;,<br \/>\n    &#8222;<\/p>\n<figure data-lap-image=\"2\"><\/figure>\n<p>&#8222;,<br \/>\n    &#8222;<\/p>\n<h2>\u00centreb\u0103ri frecvente<\/h2>\n<p>&#8222;,<br \/>\n    &#8222;<\/p>\n<h3>De ce protesteaz\u0103 irakienii?<\/h3>\n<p>&#8222;,<br \/>\n    &#8222;<\/p>\n<p>Protestele sunt motivate de nemul\u021bumirea fa\u021b\u0103 de influen\u021ba SUA \u0219i de problemele interne, precum corup\u021bia \u0219i lipsa oportunit\u0103\u021bilor.<\/p>\n<p>&#8222;,<br \/>\n    &#8222;<\/p>\n<h3>Ce rol are Nouri al-Maliki \u00een aceast\u0103 situa\u021bie?<\/h3>\n<p>&#8222;,<br \/>\n    &#8222;<\/p>\n<p>Nouri al<\/p>\n<p><strong>Surs\u0103:<\/strong> <a href=\"https:\/\/www.aljazeera.com\/video\/newsfeed\/2026\/1\/28\/iraqi-protesters-burn-photos-of-trump-amid-his-threats-over-al-maliki?traffic_source=rss\" rel=\"nofollow noopener\" target=\"_blank\">https:\/\/www.aljazeera.com\/video\/newsfeed\/2026\/1\/28\/iraqi-protesters-burn-photos-of-trump-amid-his-threats-over-al-maliki?traffic_source=rss<\/a><\/p>\n<p><\/body><\/html><\/p>\n","protected":false},"excerpt":{"rendered":"<p>{ &#8222;title&#8221;: &#8222;Reac\u021bia irakian\u0103 la amenin\u021b\u0103rile lui Trump: Proteste \u0219i arderea fotografiilor&#8221;, &#8222;excerpt&#8221;: &#8222;\u00cen Bagdad, protestatarii au ars fotografii cu Donald Trump, resping\u00e2nd cerin\u021bele pre\u0219edintelui american legate de Nouri al-Maliki. Un semn de sfidare \u0219i dezacord fa\u021b\u0103 de politica extern\u0103 a SUA.&#8221;, &#8222;content_html_lines&#8221;: [ &#8222; Pe scurt: Protestatarii din Bagdad au r\u0103spuns amenin\u021b\u0103rilor lui Donald [&hellip;]<\/p>\n","protected":false},"author":2,"featured_media":0,"comment_status":"closed","ping_status":"open","sticky":false,"template":"","format":"standard","meta":{"footnotes":""},"categories":[1],"tags":[],"class_list":["post-226","post","type-post","status-publish","format-standard","hentry","category-uncategorized"],"_links":{"self":[{"href":"https:\/\/pensiuni.biz\/index.php?rest_route=\/wp\/v2\/posts\/226","targetHints":{"allow":["GET"]}}],"collection":[{"href":"https:\/\/pensiuni.biz\/index.php?rest_route=\/wp\/v2\/posts"}],"about":[{"href":"https:\/\/pensiuni.biz\/index.php?rest_route=\/wp\/v2\/types\/post"}],"author":[{"embeddable":true,"href":"https:\/\/pensiuni.biz\/index.php?rest_route=\/wp\/v2\/users\/2"}],"replies":[{"embeddable":true,"href":"https:\/\/pensiuni.biz\/index.php?rest_route=%2Fwp%2Fv2%2Fcomments&post=226"}],"version-history":[{"count":1,"href":"https:\/\/pensiuni.biz\/index.php?rest_route=\/wp\/v2\/posts\/226\/revisions"}],"predecessor-version":[{"id":227,"href":"https:\/\/pensiuni.biz\/index.php?rest_route=\/wp\/v2\/posts\/226\/revisions\/227"}],"wp:attachment":[{"href":"https:\/\/pensiuni.biz\/index.php?rest_route=%2Fwp%2Fv2%2Fmedia&parent=226"}],"wp:term":[{"taxonomy":"category","embeddable":true,"href":"https:\/\/pensiuni.biz\/index.php?rest_route=%2Fwp%2Fv2%2Fcategories&post=226"},{"taxonomy":"post_tag","embeddable":true,"href":"https:\/\/pensiuni.biz\/index.php?rest_route=%2Fwp%2Fv2%2Ftags&post=226"}],"curies":[{"name":"wp","href":"https:\/\/api.w.org\/{rel}","templated":true}]}}